{"id":93,"date":"2025-03-29T04:49:06","date_gmt":"2025-03-29T04:49:06","guid":{"rendered":""},"modified":"2025-04-10T17:04:50","modified_gmt":"2025-04-10T16:04:50","slug":"natalis-bohemian-style","status":"publish","type":"post","link":"https:\/\/mindshiftuk.com\/?p=93","title":{"rendered":"\u201cKap\u0131 ard\u0131na kadar a\u00e7\u0131kken neden hapishanede kal\u0131rs\u0131n \u2026\u201d Mevlana"},"content":{"rendered":"\r\n<p>Merhaba,<\/p>\r\n<p>Y\u0131llar \u00f6nce, hayat\u0131ma bak\u0131p bir sars\u0131nt\u0131yla kendime geldim. Art\u0131k bu \u015fekilde ya\u015famak istemedi\u011fimi fark ettim ve g\u00f6zya\u015flar\u0131m, kuca\u011f\u0131mda minik bebe\u011fim varken y\u00fcz\u00fcmden s\u00fcz\u00fcld\u00fc. O an, kendime bir s\u00f6z verdim. Zihnimde olup biten ve beni bu noktaya getiren her neyse, bunu \u00e7\u00f6zmeye kararl\u0131yd\u0131m. Hem kendime hem de evlad\u0131ma, birlikte daha iyi bir hayat kurmaya s\u00f6z verdim.<\/p>\r\n<p>Hamilelik d\u00f6nemim boyunca bir\u00e7ok zorlukla kar\u015f\u0131la\u015ft\u0131m. S\u00fcrecin getirdi\u011fi psikolojik bask\u0131lar, hamilelikteki komplikasyonlar ve do\u011fum sonras\u0131 yorgunluklar beni olduk\u00e7a zorlad\u0131. Ancak, \u015f\u00fck\u00fcrler olsun ki bebe\u011fim sa\u011fl\u0131kl\u0131 bir \u015fekilde d\u00fcnyaya geldi. Yine de i\u00e7imde bir \u015feylerin de\u011fi\u015fti\u011fini ve her \u015feyin farkl\u0131la\u015ft\u0131\u011f\u0131n\u0131 hissettim. \u0130kinci \u00e7ocu\u011fuma ra\u011fmen, sanki yeniden bir yap\u0131ya b\u00fcr\u00fcn\u00fcyordum, bir anlamda yeniden do\u011fuyordum. O d\u00f6nemde ne oldu\u011funu tam olarak anlayamasam da, i\u00e7imdeki tatminsizlik ve yetersizlik duygular\u0131 beni farkl\u0131 bir aray\u0131\u015fa y\u00f6nlendirdi. Bir g\u00fcn YouTube\u2019da izledi\u011fim tan\u0131nm\u0131\u015f bir guru, bana i\u00e7 d\u00fcnyama y\u00f6nelmenin anahtar\u0131n\u0131 sundu. Bu yolculuk, 2012 y\u0131l\u0131nda ki\u015fisel geli\u015fim ser\u00fcvenimi ba\u015flatan bir d\u00f6n\u00fcm noktas\u0131 oldu.<\/p>\r\n<p>Bir videonun insan\u0131 nereye g\u00f6t\u00fcrebilece\u011fini ger\u00e7ekten kestiremiyorsunuz. \u0130lgin\u00e7tir ki, her f\u0131rsatta izledi\u011fim videolar, annelik, i\u015f ya da e\u015f olman\u0131n \u00f6tesinde beni tatmin eden ba\u015fka bir alan\u0131n da oldu\u011funu bana hat\u0131rlatt\u0131. Uzun s\u00fcredir fark\u0131nda olmadan bu s\u00fcreci geri planda tutuyordum. Zamanla, izledi\u011fim videolar\u0131n yerini seminerler ve kat\u0131ld\u0131\u011f\u0131m e\u011fitimler almaya ba\u015flad\u0131. Her e\u011fitimde bir a\u00e7\u0131l\u0131m, bir ayd\u0131nlanma daha ya\u015farken, kendimi de ke\u015ffetti\u011fimi fark ediyordum. \u0130nsan bazen neyi, neden yapt\u0131\u011f\u0131n\u0131 bilmez, sadece yapar. Ben de o d\u00f6nemde i\u00e7 sesimi dinleyerek bu e\u011fitimlere kat\u0131l\u0131yordum. E\u015fim zaman zaman ele\u015ftirilerde bulunsa da, i\u00e7sel olarak beni tekrar tekrar \u00e7eken bu alanda emek vermekten ve zaman harcamaktan olduk\u00e7a mutlu oluyordum. Bu s\u00fcre\u00e7, 2020 y\u0131l\u0131nda, arkada\u015f\u0131m H\u00fclya&#8217;n\u0131n te\u015fvikiyle kat\u0131ld\u0131\u011f\u0131m Hakan Meng\u00fc\u00e7&#8217;\u00fcn 9 ayl\u0131k Sufizm Akademisi e\u011fitimiyle yeni bir d\u00f6nemin ba\u015flang\u0131c\u0131n\u0131 olu\u015fturdu. Ayn\u0131 y\u0131l\u0131n Aral\u0131k ay\u0131nda ise ACIM 365 G\u00fcn E\u011fitimi ile zihin seviyemi bir ad\u0131m daha ileri ta\u015f\u0131d\u0131m. O d\u00f6nemde tam olarak fark etmesem de, bug\u00fcn bu yolculu\u011fumda temel ta\u015flardan biri oldu\u011funu \u00e7ok daha net bir \u015fekilde g\u00f6rebiliyorum.<\/p>\r\n<p>As\u0131l d\u00f6n\u00fc\u015f\u00fcm ise, 2022 y\u0131l\u0131nda hayat\u0131ma giren sevgili Nevsah ve onu takip eden, beni katildigim egitimlerinden ilkinde farkli bir bilinc seviyesine tasiyan John Demartini ile ba\u015flad\u0131. Bu s\u00fcre\u00e7te, 14 y\u0131ld\u0131r zihnimi me\u015fgul eden bir olay, yapt\u0131\u011f\u0131m\u0131z derin \u00e7al\u0131\u015fmalar sayesinde bir anda n\u00f6trlenip, yerini \u015f\u00fck\u00fcr g\u00f6zya\u015flar\u0131na b\u0131rakt\u0131. O an, dakikalarca a\u011flayarak \u015f\u00fckretti\u011fimde, d\u00f6n\u00fc\u015f\u00fcm\u00fcn ba\u015flad\u0131\u011f\u0131n\u0131 ve hayat\u0131n, \u015fimdiye kadar d\u00fc\u015f\u00fcnd\u00fc\u011f\u00fcmden \u00e7ok daha farkl\u0131 bir yerde oldu\u011funu fark ettim. O noktada, kendime ve arkada\u015flar\u0131ma hep sordu\u011fum, &#8220;Hayat sadece ya\u015famak, ba\u015far\u0131 elde etmek ya da zorluklarla y\u00fczle\u015fmek midir? Bunun \u00f6tesi olmal\u0131&#8221; sorusunun cevab\u0131n\u0131 nihayet bulmu\u015ftum. Hayat\u0131n, i\u00e7inde denge bar\u0131nd\u0131ran, her an muazzam bir ahenkle i\u015fleyen bir alan oldu\u011funu g\u00f6rmek, yakla\u015f\u0131k 45 y\u0131l\u0131m\u0131 alm\u0131\u015f olsa da, bu fark\u0131ndal\u0131k bana b\u00fcy\u00fck bir tatmin ve mutluluk verdi.<\/p>\r\n<p>Kat\u0131ld\u0131\u011f\u0131m her zihin d\u00f6n\u00fc\u015ft\u00fcr\u00fcc\u00fc e\u011fitim, yeni fark\u0131ndal\u0131klar kazand\u0131r\u0131rken zihnimde farkl\u0131 s\u0131\u00e7ray\u0131\u015flar yarat\u0131yordu. Bu kazand\u0131\u011f\u0131m bilgileri, dan\u0131\u015fanlar\u0131mla payla\u015fmaya devam ettim. Hem bireysel hem de grup \u00e7al\u0131\u015fmalar\u0131nda sa\u011flanan a\u00e7\u0131l\u0131mlar, adeta bir kelebek etkisi yarat\u0131rken, yaln\u0131zca kat\u0131l\u0131mc\u0131lar de\u011fil, onlar\u0131n hayatlar\u0131ndaki di\u011fer bireyler de bu d\u00f6n\u00fc\u015f\u00fcmden faydaland\u0131. Bu s\u00fcre\u00e7te ald\u0131\u011f\u0131m geri bildirimler, sa\u011flanan dengelemenin ne kadar derinlemesine oldu\u011funu ve etkilerinin morfo genetic alanda dalga etkisi yarattigini gelen bildirimlerle gozlemledim.<\/p>\r\n<p>Bug\u00fcne gelecek olursak, ben de\u011ferlerimin fark\u0131na vard\u0131k\u00e7a kendimle ilgili d\u00f6n\u00fc\u015f\u00fcmleri ve hayat\u0131m\u0131n bir\u00e7ok alan\u0131nda kendime koydu\u011fum hedefleri kolayl\u0131kla ba\u015farmaya ba\u015flad\u0131m. Bunun alt\u0131nda yatan en \u00f6nemli \u015fey, art\u0131k kendimi daha iyi tan\u0131yor olmamd\u0131. Kendi de\u011ferlerimin ve i\u00e7imdeki varolu\u015f sebebimin fark\u0131na varm\u0131\u015ft\u0131m. Hayat, kendimizin fark\u0131na vard\u0131\u011f\u0131m\u0131zda inan\u0131lmaz bir manyetik alan olu\u015fturuyor ve isteklerimiz, niyetlerimiz bir o kadar kolayl\u0131kla ger\u00e7ekle\u015fmeye ba\u015fl\u0131yor. Yani, &#8220;Y\u00fcrekten istedi\u011fimiz \u015feyler de\u011ferlerimizle hizadaysa, mutlaka en g\u00fczel haliyle ger\u00e7ekle\u015fir,&#8221; ve bunu hayat\u0131mda \u00e7ok net bir \u015fekilde g\u00f6rd\u00fcm.<\/p>\r\n<p>\u00c7ocuklu\u011fumda en \u00e7ok hayalini kurdu\u011fum \u015fey, \u00fczg\u00fcn ve \u00e7aresiz olan insanlar i\u00e7in elimde sihirli bir de\u011fne\u011fin olmas\u0131 ve onlar\u0131n b\u00fct\u00fcn ac\u0131lar\u0131n\u0131 bitirip, hayatlar\u0131na dokunarak mutlu olmalar\u0131n\u0131 sa\u011flamakt\u0131. O zamanlar, etraf\u0131mdaki insanlar i\u00e7in elimden geldi\u011fi kadar bunu yapmaya \u00e7al\u0131\u015fsam da, i\u00e7imdeki bu istek zamanla b\u00fcy\u00fcd\u00fc. Son \u00fc\u00e7 y\u0131ld\u0131r, aktif bir \u015fekilde yapt\u0131\u011f\u0131m seanlarda bu niyetle \u00e7al\u0131\u015fmalar\u0131m\u0131 s\u00fcrd\u00fcrd\u00fcm. Amac\u0131m hi\u00e7 de\u011fi\u015fmedi; insanl\u0131\u011fa dokunacak bir sihirli de\u011fne\u011fim yok belki, ama y\u00fcrekten destek olmak isteyen bir kalbim var. Bazen, kalpten istedi\u011fimiz niyet, tam da gereken deste\u011fi olu\u015fturabiliyor.<\/p>\r\n<p>Bu siteyi kurma amac\u0131m, insanl\u0131\u011fa katk\u0131 sa\u011flamak ve ula\u015fabildi\u011fim kadar insana, zihinlerinde s\u0131n\u0131rlayan, \u00fczen ve engeller olu\u015fturan d\u00fc\u015f\u00fcncelerini n\u00f6tralize etmekte yard\u0131mc\u0131 olmak. \u0130nsan olarak, duygular\u0131m\u0131z, inan\u00e7lar\u0131m\u0131z ve d\u00fc\u015f\u00fcncelerimizle hayat\u0131m\u0131za y\u00f6n veren varl\u0131klar\u0131z. Bizleri y\u00f6nlendiren s\u0131n\u0131rlay\u0131c\u0131 inan\u00e7lar\u0131m\u0131z de\u011fi\u015fti\u011finde, olaylara bak\u0131\u015f a\u00e7\u0131m\u0131z ve dolay\u0131s\u0131yla d\u00fc\u015f\u00fcncelerimiz de de\u011fi\u015fir, yani ger\u00e7ekli\u011fimiz de\u011fi\u015fir. \u015eu an buradaysan, de\u011fi\u015fimin i\u00e7indesin ve olman gereken yerdesin. Yolculu\u011fun kolayl\u0131kla olsun, arkada\u015f\u0131m.<\/p>\r\n<p>\u201cDe\u011ferini bilen, kendini bilir; kendini bilen, yolunu; yolunu bilen, kutup y\u0131ld\u0131z\u0131n\u0131 kesfeder&#8221;<\/p>\r\n<p>Elif Ercan Ba\u015f\u0131m<\/p>\r\n","protected":false},"excerpt":{"rendered":"<p>Merhaba, Y\u0131llar \u00f6nce, hayat\u0131ma bak\u0131p bir sars\u0131nt\u0131yla kendime geldim. Art\u0131k bu \u015fekilde ya\u015famak istemedi\u011fimi fark ettim ve g\u00f6zya\u015flar\u0131m, kuca\u011f\u0131mda minik bebe\u011fim varken y\u00fcz\u00fcmden s\u00fcz\u00fcld\u00fc. O an, kendime bir s\u00f6z verdim. Zihnimde olup biten ve beni bu noktaya getiren her neyse, bunu \u00e7\u00f6zmeye kararl\u0131yd\u0131m. Hem kendime hem de evlad\u0131ma, birlikte daha iyi bir hayat kurmaya s\u00f6z verdim. Hamilelik d\u00f6nemim boyunca bir\u00e7ok zorlukla kar\u015f\u0131la\u015ft\u0131m. S\u00fcrecin getirdi\u011fi psikolojik bask\u0131lar, hamilelikteki komplikasyonlar ve do\u011fum sonras\u0131 yorgunluklar beni olduk\u00e7a zorlad\u0131. Ancak, \u015f\u00fck\u00fcrler olsun ki bebe\u011fim sa\u011fl\u0131kl\u0131 bir \u015fekilde d\u00fcnyaya geldi. Yine de i\u00e7imde bir \u015feylerin de\u011fi\u015fti\u011fini ve her \u015feyin farkl\u0131la\u015ft\u0131\u011f\u0131n\u0131 hissettim. \u0130kinci \u00e7ocu\u011fuma ra\u011fmen, sanki yeniden bir yap\u0131ya b\u00fcr\u00fcn\u00fcyordum, bir anlamda yeniden do\u011fuyordum. O d\u00f6nemde ne oldu\u011funu tam olarak anlayamasam da, i\u00e7imdeki tatminsizlik ve yetersizlik duygular\u0131 beni farkl\u0131 bir aray\u0131\u015fa y\u00f6nlendirdi. Bir g\u00fcn YouTube\u2019da izledi\u011fim tan\u0131nm\u0131\u015f bir guru, bana i\u00e7 d\u00fcnyama y\u00f6nelmenin anahtar\u0131n\u0131 sundu. Bu yolculuk, 2012 y\u0131l\u0131nda ki\u015fisel geli\u015fim ser\u00fcvenimi ba\u015flatan bir d\u00f6n\u00fcm noktas\u0131 oldu. Bir videonun insan\u0131 nereye g\u00f6t\u00fcrebilece\u011fini ger\u00e7ekten kestiremiyorsunuz. \u0130lgin\u00e7tir ki, her f\u0131rsatta izledi\u011fim videolar, annelik, i\u015f ya da e\u015f olman\u0131n \u00f6tesinde beni tatmin eden ba\u015fka bir alan\u0131n da oldu\u011funu bana hat\u0131rlatt\u0131. Uzun s\u00fcredir fark\u0131nda olmadan bu s\u00fcreci geri planda tutuyordum. Zamanla, izledi\u011fim videolar\u0131n yerini seminerler ve kat\u0131ld\u0131\u011f\u0131m e\u011fitimler almaya ba\u015flad\u0131. Her e\u011fitimde bir a\u00e7\u0131l\u0131m, bir ayd\u0131nlanma daha ya\u015farken, kendimi de ke\u015ffetti\u011fimi fark ediyordum. \u0130nsan bazen neyi, neden yapt\u0131\u011f\u0131n\u0131 bilmez, sadece yapar. Ben de o d\u00f6nemde i\u00e7 sesimi dinleyerek bu e\u011fitimlere kat\u0131l\u0131yordum. E\u015fim zaman zaman ele\u015ftirilerde bulunsa da, i\u00e7sel olarak beni tekrar tekrar \u00e7eken bu alanda emek vermekten ve zaman harcamaktan olduk\u00e7a mutlu oluyordum. Bu s\u00fcre\u00e7, 2020 y\u0131l\u0131nda, arkada\u015f\u0131m H\u00fclya&#8217;n\u0131n te\u015fvikiyle kat\u0131ld\u0131\u011f\u0131m Hakan Meng\u00fc\u00e7&#8217;\u00fcn 9 ayl\u0131k Sufizm Akademisi e\u011fitimiyle yeni bir d\u00f6nemin ba\u015flang\u0131c\u0131n\u0131 olu\u015fturdu. Ayn\u0131 y\u0131l\u0131n Aral\u0131k ay\u0131nda ise ACIM 365 G\u00fcn E\u011fitimi ile zihin seviyemi bir ad\u0131m daha ileri ta\u015f\u0131d\u0131m. O d\u00f6nemde tam olarak fark etmesem de, bug\u00fcn bu yolculu\u011fumda temel ta\u015flardan biri oldu\u011funu \u00e7ok daha net bir \u015fekilde g\u00f6rebiliyorum. As\u0131l d\u00f6n\u00fc\u015f\u00fcm ise, 2022 y\u0131l\u0131nda hayat\u0131ma giren sevgili Nevsah ve onu takip eden, beni katildigim egitimlerinden ilkinde farkli bir bilinc seviyesine tasiyan John Demartini ile ba\u015flad\u0131. Bu s\u00fcre\u00e7te, 14 y\u0131ld\u0131r zihnimi me\u015fgul eden bir olay, yapt\u0131\u011f\u0131m\u0131z derin \u00e7al\u0131\u015fmalar sayesinde bir anda n\u00f6trlenip, yerini \u015f\u00fck\u00fcr g\u00f6zya\u015flar\u0131na b\u0131rakt\u0131. O an, dakikalarca a\u011flayarak \u015f\u00fckretti\u011fimde, d\u00f6n\u00fc\u015f\u00fcm\u00fcn ba\u015flad\u0131\u011f\u0131n\u0131 ve hayat\u0131n, \u015fimdiye kadar d\u00fc\u015f\u00fcnd\u00fc\u011f\u00fcmden \u00e7ok daha farkl\u0131 bir yerde oldu\u011funu fark ettim. O noktada, kendime ve arkada\u015flar\u0131ma hep sordu\u011fum, &#8220;Hayat sadece ya\u015famak, ba\u015far\u0131 elde etmek ya da zorluklarla y\u00fczle\u015fmek midir? Bunun \u00f6tesi olmal\u0131&#8221; sorusunun cevab\u0131n\u0131 nihayet bulmu\u015ftum. Hayat\u0131n, i\u00e7inde denge bar\u0131nd\u0131ran, her an muazzam bir ahenkle i\u015fleyen bir alan oldu\u011funu g\u00f6rmek, yakla\u015f\u0131k 45 y\u0131l\u0131m\u0131 alm\u0131\u015f olsa da, bu fark\u0131ndal\u0131k bana b\u00fcy\u00fck bir tatmin ve mutluluk verdi. Kat\u0131ld\u0131\u011f\u0131m her zihin d\u00f6n\u00fc\u015ft\u00fcr\u00fcc\u00fc e\u011fitim, yeni fark\u0131ndal\u0131klar kazand\u0131r\u0131rken zihnimde farkl\u0131 s\u0131\u00e7ray\u0131\u015flar yarat\u0131yordu. Bu kazand\u0131\u011f\u0131m bilgileri, dan\u0131\u015fanlar\u0131mla payla\u015fmaya devam ettim. Hem bireysel hem de grup \u00e7al\u0131\u015fmalar\u0131nda sa\u011flanan a\u00e7\u0131l\u0131mlar, adeta bir kelebek etkisi yarat\u0131rken, yaln\u0131zca kat\u0131l\u0131mc\u0131lar de\u011fil, onlar\u0131n hayatlar\u0131ndaki di\u011fer bireyler de bu d\u00f6n\u00fc\u015f\u00fcmden faydaland\u0131. Bu s\u00fcre\u00e7te ald\u0131\u011f\u0131m geri bildirimler, sa\u011flanan dengelemenin ne kadar derinlemesine oldu\u011funu ve etkilerinin morfo genetic alanda dalga etkisi yarattigini gelen bildirimlerle gozlemledim. Bug\u00fcne gelecek olursak, ben de\u011ferlerimin fark\u0131na vard\u0131k\u00e7a kendimle ilgili d\u00f6n\u00fc\u015f\u00fcmleri ve hayat\u0131m\u0131n bir\u00e7ok alan\u0131nda kendime koydu\u011fum hedefleri kolayl\u0131kla ba\u015farmaya ba\u015flad\u0131m. Bunun alt\u0131nda yatan en \u00f6nemli \u015fey, art\u0131k kendimi daha iyi tan\u0131yor olmamd\u0131. Kendi de\u011ferlerimin ve i\u00e7imdeki varolu\u015f sebebimin fark\u0131na varm\u0131\u015ft\u0131m. Hayat, kendimizin fark\u0131na vard\u0131\u011f\u0131m\u0131zda inan\u0131lmaz bir manyetik alan olu\u015fturuyor ve isteklerimiz, niyetlerimiz bir o kadar kolayl\u0131kla ger\u00e7ekle\u015fmeye ba\u015fl\u0131yor. Yani, &#8220;Y\u00fcrekten istedi\u011fimiz \u015feyler de\u011ferlerimizle hizadaysa, mutlaka en g\u00fczel haliyle ger\u00e7ekle\u015fir,&#8221; ve bunu hayat\u0131mda \u00e7ok net bir \u015fekilde g\u00f6rd\u00fcm. \u00c7ocuklu\u011fumda en \u00e7ok hayalini kurdu\u011fum \u015fey, \u00fczg\u00fcn ve \u00e7aresiz olan insanlar i\u00e7in elimde sihirli bir de\u011fne\u011fin olmas\u0131 ve onlar\u0131n b\u00fct\u00fcn ac\u0131lar\u0131n\u0131 bitirip, hayatlar\u0131na dokunarak mutlu olmalar\u0131n\u0131 sa\u011flamakt\u0131. O zamanlar, etraf\u0131mdaki insanlar i\u00e7in elimden geldi\u011fi kadar bunu yapmaya \u00e7al\u0131\u015fsam da, i\u00e7imdeki bu istek zamanla b\u00fcy\u00fcd\u00fc. Son \u00fc\u00e7 y\u0131ld\u0131r, aktif bir \u015fekilde yapt\u0131\u011f\u0131m seanlarda bu niyetle \u00e7al\u0131\u015fmalar\u0131m\u0131 s\u00fcrd\u00fcrd\u00fcm. Amac\u0131m hi\u00e7 de\u011fi\u015fmedi; insanl\u0131\u011fa dokunacak bir sihirli de\u011fne\u011fim yok belki, ama y\u00fcrekten destek olmak isteyen bir kalbim var. Bazen, kalpten istedi\u011fimiz niyet, tam da gereken deste\u011fi olu\u015fturabiliyor. Bu siteyi kurma amac\u0131m, insanl\u0131\u011fa katk\u0131 sa\u011flamak ve ula\u015fabildi\u011fim kadar insana, zihinlerinde s\u0131n\u0131rlayan, \u00fczen ve engeller olu\u015fturan d\u00fc\u015f\u00fcncelerini n\u00f6tralize etmekte yard\u0131mc\u0131 olmak. \u0130nsan olarak, duygular\u0131m\u0131z, inan\u00e7lar\u0131m\u0131z ve d\u00fc\u015f\u00fcncelerimizle hayat\u0131m\u0131za y\u00f6n veren varl\u0131klar\u0131z. Bizleri y\u00f6nlendiren s\u0131n\u0131rlay\u0131c\u0131 inan\u00e7lar\u0131m\u0131z de\u011fi\u015fti\u011finde, olaylara bak\u0131\u015f a\u00e7\u0131m\u0131z ve dolay\u0131s\u0131yla d\u00fc\u015f\u00fcncelerimiz de de\u011fi\u015fir, yani ger\u00e7ekli\u011fimiz de\u011fi\u015fir. \u015eu an buradaysan, de\u011fi\u015fimin i\u00e7indesin ve olman gereken yerdesin. Yolculu\u011fun kolayl\u0131kla olsun, arkada\u015f\u0131m. \u201cDe\u011ferini bilen, kendini bilir; kendini bilen, yolunu; yolunu bilen, kutup y\u0131ld\u0131z\u0131n\u0131 kesfeder&#8221; Elif Ercan Ba\u015f\u0131m<\/p>\n","protected":false},"author":2,"featured_media":1203,"comment_status":"open","ping_status":"open","sticky":false,"template":"","format":"standard","meta":{"_uag_custom_page_level_css":"","footnotes":""},"categories":[4,1],"tags":[],"class_list":["post-93","post","type-post","status-publish","format-standard","has-post-thumbnail","hentry","category-blog","category-makale"],"uagb_featured_image_src":{"full":["https:\/\/mindshiftuk.com\/wp-content\/uploads\/2025\/04\/IMG-20250410-WA0004-scaled.jpg",1920,2560,false],"thumbnail":["https:\/\/mindshiftuk.com\/wp-content\/uploads\/2025\/04\/IMG-20250410-WA0004-150x150.jpg",150,150,true],"medium":["https:\/\/mindshiftuk.com\/wp-content\/uploads\/2025\/04\/IMG-20250410-WA0004-225x300.jpg",225,300,true],"medium_large":["https:\/\/mindshiftuk.com\/wp-content\/uploads\/2025\/04\/IMG-20250410-WA0004-768x1024.jpg",768,1024,true],"large":["https:\/\/mindshiftuk.com\/wp-content\/uploads\/2025\/04\/IMG-20250410-WA0004-768x1024.jpg",768,1024,true],"1536x1536":["https:\/\/mindshiftuk.com\/wp-content\/uploads\/2025\/04\/IMG-20250410-WA0004-1152x1536.jpg",1152,1536,true],"2048x2048":["https:\/\/mindshiftuk.com\/wp-content\/uploads\/2025\/04\/IMG-20250410-WA0004-1536x2048.jpg",1536,2048,true],"ashe-slider-full-thumbnail":["https:\/\/mindshiftuk.com\/wp-content\/uploads\/2025\/04\/IMG-20250410-WA0004-1080x540.jpg",1080,540,true],"ashe-full-thumbnail":["https:\/\/mindshiftuk.com\/wp-content\/uploads\/2025\/04\/IMG-20250410-WA0004-1140x1520.jpg",1140,1520,true],"ashe-list-thumbnail":["https:\/\/mindshiftuk.com\/wp-content\/uploads\/2025\/04\/IMG-20250410-WA0004-300x300.jpg",300,300,true],"ashe-grid-thumbnail":["https:\/\/mindshiftuk.com\/wp-content\/uploads\/2025\/04\/IMG-20250410-WA0004-500x330.jpg",500,330,true],"ashe-single-navigation":["https:\/\/mindshiftuk.com\/wp-content\/uploads\/2025\/04\/IMG-20250410-WA0004-75x75.jpg",75,75,true]},"uagb_author_info":{"display_name":"adminnick","author_link":"https:\/\/mindshiftuk.com\/?author=2"},"uagb_comment_info":4,"uagb_excerpt":"Merhaba, Y\u0131llar \u00f6nce, hayat\u0131ma bak\u0131p bir sars\u0131nt\u0131yla kendime geldim. Art\u0131k bu \u015fekilde ya\u015famak istemedi\u011fimi fark ettim ve g\u00f6zya\u015flar\u0131m, kuca\u011f\u0131mda minik bebe\u011fim varken y\u00fcz\u00fcmden s\u00fcz\u00fcld\u00fc. O an, kendime bir s\u00f6z verdim. Zihnimde olup biten ve beni bu noktaya getiren her neyse, bunu \u00e7\u00f6zmeye kararl\u0131yd\u0131m. Hem kendime hem de evlad\u0131ma, birlikte daha iyi bir hayat kurmaya s\u00f6z&hellip;","_links":{"self":[{"href":"https:\/\/mindshiftuk.com\/index.php?rest_route=\/wp\/v2\/posts\/93","targetHints":{"allow":["GET"]}}],"collection":[{"href":"https:\/\/mindshiftuk.com\/index.php?rest_route=\/wp\/v2\/posts"}],"about":[{"href":"https:\/\/mindshiftuk.com\/index.php?rest_route=\/wp\/v2\/types\/post"}],"author":[{"embeddable":true,"href":"https:\/\/mindshiftuk.com\/index.php?rest_route=\/wp\/v2\/users\/2"}],"replies":[{"embeddable":true,"href":"https:\/\/mindshiftuk.com\/index.php?rest_route=%2Fwp%2Fv2%2Fcomments&post=93"}],"version-history":[{"count":3,"href":"https:\/\/mindshiftuk.com\/index.php?rest_route=\/wp\/v2\/posts\/93\/revisions"}],"predecessor-version":[{"id":977,"href":"https:\/\/mindshiftuk.com\/index.php?rest_route=\/wp\/v2\/posts\/93\/revisions\/977"}],"wp:featuredmedia":[{"embeddable":true,"href":"https:\/\/mindshiftuk.com\/index.php?rest_route=\/wp\/v2\/media\/1203"}],"wp:attachment":[{"href":"https:\/\/mindshiftuk.com\/index.php?rest_route=%2Fwp%2Fv2%2Fmedia&parent=93"}],"wp:term":[{"taxonomy":"category","embeddable":true,"href":"https:\/\/mindshiftuk.com\/index.php?rest_route=%2Fwp%2Fv2%2Fcategories&post=93"},{"taxonomy":"post_tag","embeddable":true,"href":"https:\/\/mindshiftuk.com\/index.php?rest_route=%2Fwp%2Fv2%2Ftags&post=93"}],"curies":[{"name":"wp","href":"https:\/\/api.w.org\/{rel}","templated":true}]}}